{"id":146,"date":"2020-09-10T13:55:10","date_gmt":"2020-09-10T11:55:10","guid":{"rendered":"https:\/\/www.mairie-de-rivieres.fr\/?p=146"},"modified":"2023-03-10T11:20:17","modified_gmt":"2023-03-10T10:20:17","slug":"le-conseil-municipal","status":"publish","type":"post","link":"https:\/\/www.mairie-de-rivieres.fr\/index.php\/2020\/09\/10\/le-conseil-municipal\/","title":{"rendered":"Le conseil municipal"},"content":{"rendered":"\n<div class=\"wp-block-image\"><figure class=\"aligncenter size-large\"><img loading=\"lazy\" width=\"1024\" height=\"680\" src=\"https:\/\/i0.wp.com\/www.mairie-de-rivieres.fr\/wp-content\/uploads\/2021\/03\/P11.jpeg?resize=1024%2C680&#038;ssl=1\" alt=\"\" class=\"wp-image-1033\" data-recalc-dims=\"1\"\/><\/figure><\/div>\n\n\n\n<h2><strong>Les \u00e9lus, de gauche \u00e0 droite<\/strong><\/h2>\n\n\n\n<p><strong>Vanessa Landry, conseill\u00e8re<\/strong><\/p>\n\n\n\n<p><strong>St\u00e9phanie Exposito, 2\u00e8me adjointe<\/strong><\/p>\n\n\n\n<p><strong>Bruno Lapipe&nbsp;, 1er adjoint<\/strong><\/p>\n\n\n\n<p><strong>Catherine Rouquette, conseill\u00e8re<\/strong><\/p>\n\n\n\n<p><strong>Jean-Marie Itier, Maire<\/strong><\/p>\n\n\n\n<p><strong>Claudine Rouquette, conseill\u00e8re<\/strong><\/p>\n\n\n\n<p><strong>Jean-Louis Herreros, conseiller<\/strong><\/p>\n\n\n\n<p><strong>Marie-Flore Bombardier, conseill\u00e8re<\/strong><\/p>\n\n\n\n<p><strong>Jacques Lamolle, conseiller<\/strong><\/p>\n\n\n\n<p><strong>Jeff Duquenoy, conseiller<\/strong><\/p>\n\n\n\n<p><\/p>\n\n\n\n<p><\/p>\n\n\n\n<p><\/p>\n","protected":false},"excerpt":{"rendered":"<p>Les \u00e9lus, de gauche \u00e0 droite Vanessa Landry, conseill\u00e8re St\u00e9phanie Exposito, 2\u00e8me adjointe Bruno Lapipe&nbsp;, 1er adjoint Catherine Rouquette, conseill\u00e8re Jean-Marie Itier, Maire Claudine Rouquette, conseill\u00e8re Jean-Louis Herreros, conseiller Marie-Flore Bombardier, conseill\u00e8re Jacques Lamolle, conseiller Jeff Duquenoy, conseiller<\/p>\n","protected":false},"author":1,"featured_media":0,"comment_status":"open","ping_status":"open","sticky":false,"template":"","format":"standard","meta":[],"categories":[29],"tags":[],"jetpack_featured_media_url":"","_links":{"self":[{"href":"https:\/\/www.mairie-de-rivieres.fr\/index.php\/wp-json\/wp\/v2\/posts\/146"}],"collection":[{"href":"https:\/\/www.mairie-de-rivieres.fr\/index.php\/wp-json\/wp\/v2\/posts"}],"about":[{"href":"https:\/\/www.mairie-de-rivieres.fr\/index.php\/wp-json\/wp\/v2\/types\/post"}],"author":[{"embeddable":true,"href":"https:\/\/www.mairie-de-rivieres.fr\/index.php\/wp-json\/wp\/v2\/users\/1"}],"replies":[{"embeddable":true,"href":"https:\/\/www.mairie-de-rivieres.fr\/index.php\/wp-json\/wp\/v2\/comments?post=146"}],"version-history":[{"count":9,"href":"https:\/\/www.mairie-de-rivieres.fr\/index.php\/wp-json\/wp\/v2\/posts\/146\/revisions"}],"predecessor-version":[{"id":1548,"href":"https:\/\/www.mairie-de-rivieres.fr\/index.php\/wp-json\/wp\/v2\/posts\/146\/revisions\/1548"}],"wp:attachment":[{"href":"https:\/\/www.mairie-de-rivieres.fr\/index.php\/wp-json\/wp\/v2\/media?parent=146"}],"wp:term":[{"taxonomy":"category","embeddable":true,"href":"https:\/\/www.mairie-de-rivieres.fr\/index.php\/wp-json\/wp\/v2\/categories?post=146"},{"taxonomy":"post_tag","embeddable":true,"href":"https:\/\/www.mairie-de-rivieres.fr\/index.php\/wp-json\/wp\/v2\/tags?post=146"}],"curies":[{"name":"wp","href":"https:\/\/api.w.org\/{rel}","templated":true}]}}