{"id":204,"date":"2020-09-10T16:00:39","date_gmt":"2020-09-10T14:00:39","guid":{"rendered":"https:\/\/www.mairie-de-rivieres.fr\/?p=204"},"modified":"2023-03-10T11:48:24","modified_gmt":"2023-03-10T10:48:24","slug":"acteurs-locaux","status":"publish","type":"post","link":"https:\/\/www.mairie-de-rivieres.fr\/index.php\/2020\/09\/10\/acteurs-locaux\/","title":{"rendered":"Acteurs locaux"},"content":{"rendered":"\n<h3><strong>Aide \u00e0 domicile \u2013 Service \u00e0 la personne<\/strong><\/h3>\n\n\n\n<ul><li><strong>Martin Elodie<\/strong>&nbsp;&#8211; T\u00e9l.&nbsp;: 0662724454<\/li><\/ul>\n\n\n\n<hr class=\"wp-block-separator\"\/>\n\n\n\n<h3><strong>Assistantes maternelles<\/strong><\/h3>\n\n\n\n<ul><li><strong>Aigon St\u00e9phanie<\/strong>&nbsp;&#8211; T\u00e9l.&nbsp;: 0686416434<\/li><\/ul>\n\n\n\n<ul><li><strong>Exposito St\u00e9phanie<\/strong>&nbsp;&#8211; T\u00e9l.&nbsp;: 0620972729<\/li><\/ul>\n\n\n\n<ul><li><strong>Rouquette<\/strong> <strong>Claudine<\/strong>&nbsp;&#8211; T\u00e9l.&nbsp;: 0675827525<\/li><\/ul>\n\n\n\n<ul><li><strong>Martin<\/strong> <strong>Elodie<\/strong>&nbsp;&#8211; T\u00e9l.&nbsp;: 0662724454<\/li><\/ul>\n\n\n\n<hr class=\"wp-block-separator\"\/>\n\n\n\n<h3><strong>Bois de chauffage&nbsp;<\/strong>:<\/h3>\n\n\n\n<ul><li><strong>Belqas<\/strong>&nbsp;&#8211; T\u00e9l.&nbsp;: 0603325138<\/li><\/ul>\n\n\n\n<hr class=\"wp-block-separator\"\/>\n\n\n\n<h3><strong>Boulangerie \u00e9picerie journaux<\/strong><\/h3>\n\n\n\n<ul><li><strong>Velay Patrick<\/strong>&nbsp;&#8211; T\u00e9l.&nbsp;: 0466244066 \/ 0603564133<\/li><\/ul>\n\n\n\n<hr class=\"wp-block-separator\"\/>\n\n\n\n<h3><strong>Carrelage&nbsp;<\/strong>:<\/h3>\n\n\n\n<ul><li><strong>DP Carrelage<\/strong>&nbsp;&#8211; T\u00e9l. : 0615280678 <img loading=\"lazy\" width=\"346\" height=\"383\" class=\"wp-image-607\" style=\"width: 30px;\" src=\"https:\/\/i0.wp.com\/www.mairie-de-rivieres.fr\/wp-content\/uploads\/2020\/09\/logo-DP-carrelage.png?resize=346%2C383&#038;ssl=1\" alt=\"\" srcset=\"https:\/\/i0.wp.com\/www.mairie-de-rivieres.fr\/wp-content\/uploads\/2020\/09\/logo-DP-carrelage.png?w=346&amp;ssl=1 346w, https:\/\/i0.wp.com\/www.mairie-de-rivieres.fr\/wp-content\/uploads\/2020\/09\/logo-DP-carrelage.png?resize=271%2C300&amp;ssl=1 271w\" sizes=\"(max-width: 346px) 100vw, 346px\" data-recalc-dims=\"1\" \/><\/li><\/ul>\n\n\n\n<p><a href=\"mailto:stephaniediaz@orange.fr\">stephaniediaz@orange.fr<\/a> \/ <a href=\"http:\/\/www.carreleur-ales.fr\/\" target=\"_blank\" rel=\"noreferrer noopener\">www.carreleur-ales.fr<\/a><\/p>\n\n\n\n<ul><li><strong>Pinna&nbsp;Carrelage<\/strong>&nbsp;&#8211; T\u00e9l.&nbsp;: O621614070<\/li><\/ul>\n\n\n\n<hr class=\"wp-block-separator\"\/>\n\n\n\n<h3>D\u00e9pannage informatique &#8211; Cr\u00e9ation sites Web&nbsp;:<\/h3>\n\n\n\n<ul><li><strong>L&rsquo;Agence BewweB.fr <\/strong>&#8211; T\u00e9l : 0466041713  <img loading=\"lazy\" width=\"513\" height=\"592\" class=\"wp-image-605\" style=\"width: 30px;\" src=\"https:\/\/i0.wp.com\/www.mairie-de-rivieres.fr\/wp-content\/uploads\/2020\/09\/Logo-BewweB.fr-2015.png?resize=513%2C592&#038;ssl=1\" alt=\"\" srcset=\"https:\/\/i0.wp.com\/www.mairie-de-rivieres.fr\/wp-content\/uploads\/2020\/09\/Logo-BewweB.fr-2015.png?w=513&amp;ssl=1 513w, https:\/\/i0.wp.com\/www.mairie-de-rivieres.fr\/wp-content\/uploads\/2020\/09\/Logo-BewweB.fr-2015.png?resize=260%2C300&amp;ssl=1 260w\" sizes=\"(max-width: 513px) 100vw, 513px\" data-recalc-dims=\"1\" \/><\/li><\/ul>\n\n\n\n<p><a href=\"http:\/\/www.BewweB.fr\" target=\"_blank\" rel=\"noreferrer noopener\">www.BewweB.fr<\/a><\/p>\n\n\n\n<h3>Designer<\/h3>\n\n\n\n<ul><li><strong>V\u00e9ronique Guillot, <\/strong>la petite source &#8211; T\u00e9l : 0661216593 <\/li><\/ul>\n\n\n\n<p>veoguillot@gmail.com <\/p>\n\n\n\n<hr class=\"wp-block-separator\"\/>\n\n\n\n<h3><strong>Electricien<\/strong>&nbsp;:<\/h3>\n\n\n\n<ul><li><strong>Savona Patrice<\/strong>&nbsp;&#8211; T\u00e9l.&nbsp;: 0666131848 <\/li><\/ul>\n\n\n\n<p><a href=\"mailto:patricesavona@gmail.com\">patricesavona@gmail.com<\/a><\/p>\n\n\n\n<hr class=\"wp-block-separator\"\/>\n\n\n\n<h3><strong>Entreprises de Ma\u00e7onnerie&nbsp;<\/strong>:<\/h3>\n\n\n\n<p><strong>Maitre carr\u00e9<\/strong>\u00a0&#8211; T\u00e9l.\u00a0: 0672901420 &#8211; 0466242886<\/p>\n\n\n\n<p>pascalgregorymaconnerie@gmail.com<\/p>\n\n\n\n<p><strong>MB Ma\u00e7onnerie<\/strong> &#8211; T\u00e9l. : 0620475572<\/p>\n\n\n\n<p><a href=\"mailto:billotet.marc@live.fr\">billotet.marc@live.fr<\/a><\/p>\n\n\n\n<ul><li><strong>Entreprise ENT.OME<\/strong> &#8211; T\u00e9l.&nbsp;: 0622635221 \/ 0619173725<\/li><\/ul>\n\n\n\n<p><a href=\"mailto:ent.gl.ome@gmail.com\">ent.gl.ome@gmail.com<\/a><\/p>\n\n\n\n<ul><li><strong>Riera Dylan<\/strong> &#8211; T\u00e9l : 0659710746<\/li><\/ul>\n\n\n\n<p><a href=\"mailto:riera.dylan@laposte.net\">riera.dylan@laposte.net<\/a><\/p>\n\n\n\n<hr class=\"wp-block-separator\"\/>\n\n\n\n<h3><strong>Espace vert &#8211; Elagage<\/strong> :<\/h3>\n\n\n\n<ul><li><strong>La cl\u00e9 du jardin <\/strong>&#8211; T\u00e9l.\u00a0: 0622749034<\/li><\/ul>\n\n\n\n<p><a href=\"mailto:nokillnature@gmail.com\">nokillnature@gmail.com<\/a><\/p>\n\n\n\n<ul><li><strong>Garden party <\/strong>&#8211; Vincent Demeusoy &#8211; T\u00e9l. : 0670930754<\/li><\/ul>\n\n\n\n<p>vincent.demeusoy@garden-party.eu<\/p>\n\n\n\n<p>www.garden-party.eu<\/p>\n\n\n\n<hr class=\"wp-block-separator\"\/>\n\n\n\n<h3><strong>Etanch\u00e9it\u00e9&nbsp;Bardage<\/strong> :<\/h3>\n\n\n\n<ul><li><strong>S.A.S. Maurino&nbsp;<\/strong>&#8211; T\u00e9l.&nbsp;: 0681928319<\/li><\/ul>\n\n\n\n<hr class=\"wp-block-separator\"\/>\n\n\n\n<h3><strong>Etude de sol&nbsp;<\/strong>:<\/h3>\n\n\n\n<ul><li><strong>Pack \u00e9tudes<\/strong> &#8211; T\u00e9l.&nbsp;: 0612713622<\/li><\/ul>\n\n\n\n<p><a href=\"mailto:contact@packetudes.com\">contact@packetudes.com<\/a> \/ <a href=\"http:\/\/www.PACKETUDES.com\/\" target=\"_blank\" rel=\"noreferrer noopener\">www.PACKETUDES.com<\/a><\/p>\n\n\n\n<hr class=\"wp-block-separator\"\/>\n\n\n\n<h3><strong>Fromager &#8211; Eleveur<\/strong>&nbsp;:<\/h3>\n\n\n\n<ul><li><strong>La ferme des cabrioles&nbsp;:<\/strong> Elevage de ch\u00e8vres en agriculture BIO et producteur de fromage de ch\u00e8vre &#8211; T\u00e9l.&nbsp;: 0628060748 <img loading=\"lazy\" width=\"398\" height=\"246\" class=\"wp-image-610\" style=\"width: 30px;\" src=\"https:\/\/i0.wp.com\/www.mairie-de-rivieres.fr\/wp-content\/uploads\/2020\/09\/Logo-Chevrerie-1.jpg?resize=398%2C246&#038;ssl=1\" alt=\"\" srcset=\"https:\/\/i0.wp.com\/www.mairie-de-rivieres.fr\/wp-content\/uploads\/2020\/09\/Logo-Chevrerie-1.jpg?w=398&amp;ssl=1 398w, https:\/\/i0.wp.com\/www.mairie-de-rivieres.fr\/wp-content\/uploads\/2020\/09\/Logo-Chevrerie-1.jpg?resize=300%2C185&amp;ssl=1 300w\" sizes=\"(max-width: 398px) 100vw, 398px\" data-recalc-dims=\"1\" \/><\/li><\/ul>\n\n\n\n<p><strong><a href=\"mailto:lafermedescabrioles@gmail.com\">lafermedescabrioles@gmail.com<\/a><\/strong><\/p>\n\n\n\n<hr class=\"wp-block-separator\"\/>\n\n\n\n<h3 class=\"has-black-color has-text-color\"><strong><a href=\"https:\/\/www.mairie-de-rivieres.fr\/index.php\/hebergements\/\">Locations vacances&nbsp;:<\/a><\/strong><\/h3>\n\n\n\n<ul><li><strong>Mas du canal&nbsp;<\/strong>&#8211; T\u00e9l.&nbsp;: +33688152693<\/li><\/ul>\n\n\n\n<p><a href=\"http:\/\/www.le-mas-du-canal.com\/\" target=\"_blank\" rel=\"noreferrer noopener\">www.le-mas-du-canal.com<\/a><\/p>\n\n\n\n<ul><li><strong>La Planque des fr\u00e8res <\/strong>&#8211; T\u00e9l.&nbsp;: +3363344402<\/li><\/ul>\n\n\n\n<p><a rel=\"noreferrer noopener\" href=\"mailto:info@laplanquedesfreres.com\" target=\"_blank\">info@laplanquedesfreres.com<\/a> \/ <a rel=\"noreferrer noopener\" href=\"http:\/\/www.laplanquedesfreres.com\/\" target=\"_blank\">www.laplanquedesfreres.com<\/a><\/p>\n\n\n\n<ul><li><strong>Belqas&nbsp;<\/strong>&#8211; T\u00e9l.&nbsp;: +33603565133<\/li><\/ul>\n\n\n\n<hr class=\"wp-block-separator\"\/>\n\n\n\n<h3><strong>Mobilier bois<\/strong> :<\/h3>\n\n\n\n<ul><li><strong>Bois&amp;Via\u00a0<\/strong>&#8211; T\u00e9l.\u00a0: 0695269851.  0611322083.    <\/li><\/ul>\n\n\n\n<p>www.boisetvia.fr<\/p>\n\n\n\n<h3><strong>Plombiers<\/strong> &#8211; Chauffagiste :<\/h3>\n\n\n\n<ul><li><strong>Mat&rsquo;\u00e9nergie<\/strong> &#8211; T\u00e9l.&nbsp;: 0603577710<\/li><\/ul>\n\n\n\n<p><a href=\"mailto:charmasson.mathieu92@gmail.com\">charmasson.mathieu92@gmail.com<\/a><\/p>\n\n\n\n<ul><li><strong>SAR Entrepise NATALI<\/strong> &#8211; T\u00e9l. : 0466244870 Barjac \/ 0466616625 St-Ambroix <img loading=\"lazy\" width=\"413\" height=\"116\" class=\"wp-image-611\" style=\"width: 70px;\" src=\"https:\/\/i0.wp.com\/www.mairie-de-rivieres.fr\/wp-content\/uploads\/2020\/09\/Logo-Natali-1.png?resize=413%2C116&#038;ssl=1\" alt=\"\" srcset=\"https:\/\/i0.wp.com\/www.mairie-de-rivieres.fr\/wp-content\/uploads\/2020\/09\/Logo-Natali-1.png?w=413&amp;ssl=1 413w, https:\/\/i0.wp.com\/www.mairie-de-rivieres.fr\/wp-content\/uploads\/2020\/09\/Logo-Natali-1.png?resize=300%2C84&amp;ssl=1 300w\" sizes=\"(max-width: 413px) 100vw, 413px\" data-recalc-dims=\"1\" \/><\/li><\/ul>\n\n\n\n<p><a href=\"mailto:contact@entreptise-natali.fr\">contact@entreptise-natali.fr<\/a> \/ <a href=\"http:\/\/www.entreprise-natali.fr\" target=\"_blank\" rel=\"noreferrer noopener\">www.entreprise-natali.fr<\/a><\/p>\n\n\n\n<hr class=\"wp-block-separator\"\/>\n\n\n\n<h3><strong>Restauration \u00e0 emporter&nbsp;:<\/strong><\/h3>\n\n\n\n<ul><li><strong>Buen apetito Ghezzi&nbsp;<\/strong>&#8211; T\u00e9l. : 0778843735<\/li><\/ul>\n\n\n\n<p><\/p>\n\n\n\n<ul><li><strong>La Vida Locale&nbsp;<\/strong>&#8211; T\u00e9l. : 0761155250<\/li><\/ul>\n\n\n\n<p><a rel=\"noreferrer noopener\" href=\"mailto:lavidalocale30@gmail.com\" target=\"_blank\">lavidalocale30@gmail.com<\/a> \/ <a href=\"https:\/\/www.facebook.com\/associationlavidalocale\" target=\"_blank\" rel=\"noreferrer noopener\">https:\/\/www.facebook.com\/associationlavidalocale<\/a><\/p>\n\n\n\n<hr class=\"wp-block-separator\"\/>\n\n\n\n<h3><strong>Taxi&nbsp;<\/strong>:<\/h3>\n\n\n\n<ul><li><strong>Taxi Olivier&nbsp;<\/strong>&#8211; T\u00e9l.&nbsp;: 0675257998<\/li><\/ul>\n\n\n\n<p><a href=\"mailto:pautard.olivier@orange.fr\">pautard.olivier@orange.fr<\/a><\/p>\n\n\n\n<hr class=\"wp-block-separator\"\/>\n\n\n\n<h3><strong>Tous travaux&nbsp;:<\/strong><\/h3>\n\n\n\n<ul><li><strong>Landry Multi-Service <\/strong>&#8211; T\u00e9l.&nbsp;: 0617736302 <img loading=\"lazy\" width=\"1395\" height=\"1441\" class=\"wp-image-612\" style=\"width: 30px;\" src=\"https:\/\/i0.wp.com\/www.mairie-de-rivieres.fr\/wp-content\/uploads\/2020\/09\/Logo-Landr-1.jpg?resize=1395%2C1441&#038;ssl=1\" alt=\"\" srcset=\"https:\/\/i0.wp.com\/www.mairie-de-rivieres.fr\/wp-content\/uploads\/2020\/09\/Logo-Landr-1.jpg?w=1395&amp;ssl=1 1395w, https:\/\/i0.wp.com\/www.mairie-de-rivieres.fr\/wp-content\/uploads\/2020\/09\/Logo-Landr-1.jpg?resize=290%2C300&amp;ssl=1 290w, https:\/\/i0.wp.com\/www.mairie-de-rivieres.fr\/wp-content\/uploads\/2020\/09\/Logo-Landr-1.jpg?resize=991%2C1024&amp;ssl=1 991w, https:\/\/i0.wp.com\/www.mairie-de-rivieres.fr\/wp-content\/uploads\/2020\/09\/Logo-Landr-1.jpg?resize=768%2C793&amp;ssl=1 768w\" sizes=\"(max-width: 1000px) 100vw, 1000px\" data-recalc-dims=\"1\" \/><\/li><\/ul>\n\n\n\n<p><a href=\"mailto:landry.multi.services30@gmail.com\">landry.multi.services30@gmail.com<\/a><\/p>\n\n\n\n<ul><li><strong>Martin Services&nbsp;<\/strong>&#8211; T\u00e9l.&nbsp;: 07 72 12 00 95<\/li><\/ul>\n\n\n\n<p><a href=\"mailto:martinmichael001@hotmail.com\">martinmichael001@hotmail.com<\/a><\/p>\n\n\n\n<hr class=\"wp-block-separator\"\/>\n","protected":false},"excerpt":{"rendered":"<p>Aide \u00e0 domicile \u2013 Service \u00e0 la personne Martin Elodie&nbsp;&#8211; T\u00e9l.&nbsp;: 0662724454 Assistantes maternelles Aigon St\u00e9phanie&nbsp;&#8211; T\u00e9l.&nbsp;: 0686416434 Exposito St\u00e9phanie&nbsp;&#8211; T\u00e9l.&nbsp;: 0620972729 Rouquette Claudine&nbsp;&#8211; T\u00e9l.&nbsp;: 0675827525 Martin Elodie&nbsp;&#8211; T\u00e9l.&nbsp;: 0662724454 Bois de chauffage&nbsp;: Belqas&nbsp;&#8211; T\u00e9l.&nbsp;: 0603325138 Boulangerie \u00e9picerie journaux Velay Patrick&nbsp;&#8211; T\u00e9l.&nbsp;: 0466244066 \/ 0603564133 Carrelage&nbsp;: DP Carrelage&nbsp;&#8211; T\u00e9l. : 0615280678 stephaniediaz@orange.fr \/ www.carreleur-ales.fr Pinna&nbsp;Carrelage&nbsp;&#8211;<br \/><a class=\"moretag\" href=\"https:\/\/www.mairie-de-rivieres.fr\/index.php\/2020\/09\/10\/acteurs-locaux\/\">+ Lire Plus<\/a><\/p>\n","protected":false},"author":1,"featured_media":0,"comment_status":"open","ping_status":"open","sticky":false,"template":"","format":"standard","meta":[],"categories":[15],"tags":[],"jetpack_featured_media_url":"","_links":{"self":[{"href":"https:\/\/www.mairie-de-rivieres.fr\/index.php\/wp-json\/wp\/v2\/posts\/204"}],"collection":[{"href":"https:\/\/www.mairie-de-rivieres.fr\/index.php\/wp-json\/wp\/v2\/posts"}],"about":[{"href":"https:\/\/www.mairie-de-rivieres.fr\/index.php\/wp-json\/wp\/v2\/types\/post"}],"author":[{"embeddable":true,"href":"https:\/\/www.mairie-de-rivieres.fr\/index.php\/wp-json\/wp\/v2\/users\/1"}],"replies":[{"embeddable":true,"href":"https:\/\/www.mairie-de-rivieres.fr\/index.php\/wp-json\/wp\/v2\/comments?post=204"}],"version-history":[{"count":35,"href":"https:\/\/www.mairie-de-rivieres.fr\/index.php\/wp-json\/wp\/v2\/posts\/204\/revisions"}],"predecessor-version":[{"id":1558,"href":"https:\/\/www.mairie-de-rivieres.fr\/index.php\/wp-json\/wp\/v2\/posts\/204\/revisions\/1558"}],"wp:attachment":[{"href":"https:\/\/www.mairie-de-rivieres.fr\/index.php\/wp-json\/wp\/v2\/media?parent=204"}],"wp:term":[{"taxonomy":"category","embeddable":true,"href":"https:\/\/www.mairie-de-rivieres.fr\/index.php\/wp-json\/wp\/v2\/categories?post=204"},{"taxonomy":"post_tag","embeddable":true,"href":"https:\/\/www.mairie-de-rivieres.fr\/index.php\/wp-json\/wp\/v2\/tags?post=204"}],"curies":[{"name":"wp","href":"https:\/\/api.w.org\/{rel}","templated":true}]}}