{"id":206,"date":"2020-09-10T16:11:05","date_gmt":"2020-09-10T14:11:05","guid":{"rendered":"https:\/\/www.mairie-de-rivieres.fr\/?p=206"},"modified":"2020-09-10T16:20:42","modified_gmt":"2020-09-10T14:20:42","slug":"balade-a-rivieres","status":"publish","type":"post","link":"https:\/\/www.mairie-de-rivieres.fr\/index.php\/2020\/09\/10\/balade-a-rivieres\/","title":{"rendered":"Balade \u00e0 Rivi\u00e8res"},"content":{"rendered":"\n<div class=\"wp-block-image\"><figure class=\"alignleft size-large\"><img loading=\"lazy\" width=\"1024\" height=\"680\" src=\"https:\/\/i0.wp.com\/www.mairie-de-rivieres.fr\/wp-content\/uploads\/2020\/09\/Balade-a\u0300-Rivie\u0300res-Pierre-Chante.jpg?resize=1024%2C680&#038;ssl=1\" alt=\"\" class=\"wp-image-207\" data-recalc-dims=\"1\"\/><\/figure><\/div>\n\n\n\n<p>Soixante-dix personnes ont suivi la promenade accompagn\u00e9e du village de Rivi\u00e8res, propos\u00e9e par le Groupe d\u2019Histoire en C\u00e8ze C\u00e9vennes. Cette visite guid\u00e9e par les commentaires historiques de Pierre Chante et les informations compl\u00e9mentaires, apport\u00e9es par Eliane, Suzy, Fr\u00e9d\u00e9rique\u2026, s\u2019est d\u00e9roul\u00e9e en trois temps. Pour commencer, profitant de la relative fra\u00eecheur&nbsp;matinale, les promeneurs sont mont\u00e9s jusqu\u2019\u00e0 la statue de la vierge, copie de la vierge couronn\u00e9e de Lourdes, qui domine le paysage. Ensuite, ils ont descendu les calades pour longer le canal dit de Ramel, un espace bucolique de lavoirs, de cabanons et de jardins. Enfin ils se sont rendus \u00e0 Aubarine pour voir le ch\u00e2teau de Theyrargues construit au 15\u00e8me&nbsp;si\u00e8cle par les seigneurs de Portes. L\u2019occasion d\u2019\u00e9voquer les vies romantiques de Louise de Budos et Charlotte de Montmorency.<\/p>\n\n\n\n<figure class=\"wp-block-image size-thumbnail\"><img loading=\"lazy\" width=\"150\" height=\"150\" src=\"https:\/\/i0.wp.com\/www.mairie-de-rivieres.fr\/wp-content\/uploads\/2020\/09\/Balade-a\u0300-Rivie\u0300res-Pierre-Chante-2.jpg?resize=150%2C150&#038;ssl=1\" alt=\"\" class=\"wp-image-208\" data-recalc-dims=\"1\"\/><\/figure>\n\n\n\n<p>La communaut\u00e9 de communes de C\u00e8ze C\u00e9vennes, organise sur son territoire diff\u00e9rentes promenades ou visit\u00e9s guid\u00e9es. Dans ce cadre, le Groupe d\u2019Histoire en C\u00e8ze C\u00e9vennes vous invite, accompagn\u00e9s par Pierre Chante et des habitants du village, \u00e0 d\u00e9couvrir Rivi\u00e8res, le village aux trois ch\u00e2teaux et aux deux cours d\u2019eau, lundi 10 ao\u00fbt, entre 8h30 et 11h.30 D\u00e9part devant la mairie.<\/p>\n\n\n\n<p>L&rsquo;occasion d\u2019\u00e9voquer la vie romantique et tragique de Louise de Budos, d\u2019entrer dans l\u2019\u00e9glise de style gothique, de monter \u00e0 la statue de la vierge, de voir le ch\u00e2teau de Theyrargues et de parcourir le village fleuri d\u2019Aubarine. D\u00e9part 8h30 devant la mairie. Contact 04.66.24.80.24.<\/p>\n\n\n\n<div class=\"wp-block-image\"><figure class=\"alignleft size-large is-resized\"><img loading=\"lazy\" src=\"https:\/\/i0.wp.com\/www.mairie-de-rivieres.fr\/wp-content\/uploads\/2020\/09\/Balade-a\u0300-Rivie\u0300res-Pierre-Chante-3.png?resize=250%2C160&#038;ssl=1\" alt=\"\" class=\"wp-image-209\" width=\"250\" height=\"160\" srcset=\"https:\/\/i0.wp.com\/www.mairie-de-rivieres.fr\/wp-content\/uploads\/2020\/09\/Balade-a\u0300-Rivie\u0300res-Pierre-Chante-3.png?w=590&amp;ssl=1 590w, https:\/\/i0.wp.com\/www.mairie-de-rivieres.fr\/wp-content\/uploads\/2020\/09\/Balade-a\u0300-Rivie\u0300res-Pierre-Chante-3.png?resize=300%2C192&amp;ssl=1 300w\" sizes=\"(max-width: 250px) 100vw, 250px\" data-recalc-dims=\"1\" \/><\/figure><\/div>\n\n\n\n<div class=\"wp-block-image\"><figure class=\"alignleft size-large is-resized\"><img loading=\"lazy\" src=\"https:\/\/i0.wp.com\/www.mairie-de-rivieres.fr\/wp-content\/uploads\/2020\/09\/Balade-a\u0300-Rivie\u0300res-Pierre-Chante-4.png?resize=255%2C160&#038;ssl=1\" alt=\"\" class=\"wp-image-210\" width=\"255\" height=\"160\" data-recalc-dims=\"1\" \/><\/figure><\/div>\n\n\n\n<div class=\"wp-block-image\"><figure class=\"alignleft size-large is-resized\"><img loading=\"lazy\" src=\"https:\/\/i0.wp.com\/www.mairie-de-rivieres.fr\/wp-content\/uploads\/2020\/09\/Balade-a\u0300-Rivie\u0300res-Pierre-Chante-5.png?resize=217%2C334&#038;ssl=1\" alt=\"\" class=\"wp-image-211\" width=\"217\" height=\"334\" srcset=\"https:\/\/i0.wp.com\/www.mairie-de-rivieres.fr\/wp-content\/uploads\/2020\/09\/Balade-a\u0300-Rivie\u0300res-Pierre-Chante-5.png?w=517&amp;ssl=1 517w, https:\/\/i0.wp.com\/www.mairie-de-rivieres.fr\/wp-content\/uploads\/2020\/09\/Balade-a\u0300-Rivie\u0300res-Pierre-Chante-5.png?resize=195%2C300&amp;ssl=1 195w\" sizes=\"(max-width: 217px) 100vw, 217px\" data-recalc-dims=\"1\" \/><\/figure><\/div>\n\n\n\n<figure class=\"wp-block-image size-large\"><img loading=\"lazy\" width=\"1024\" height=\"680\" src=\"https:\/\/i0.wp.com\/www.mairie-de-rivieres.fr\/wp-content\/uploads\/2020\/09\/Balade-a\u0300-Rivie\u0300res-Pierre-Chante-6.jpg?resize=1024%2C680&#038;ssl=1\" alt=\"\" class=\"wp-image-212\" data-recalc-dims=\"1\"\/><\/figure>\n\n\n\n<p>La balade s&rsquo;est termin\u00e9e sur la place neuve, autour d&rsquo;une boisson rafra\u00eechissante offerte par la mairie de Rivi\u00e8res.<\/p>\n","protected":false},"excerpt":{"rendered":"<p>Soixante-dix personnes ont suivi la promenade accompagn\u00e9e du village de Rivi\u00e8res, propos\u00e9e par le Groupe d\u2019Histoire en C\u00e8ze C\u00e9vennes. Cette visite guid\u00e9e par les commentaires historiques de Pierre Chante et les informations compl\u00e9mentaires, apport\u00e9es par Eliane, Suzy, Fr\u00e9d\u00e9rique\u2026, s\u2019est d\u00e9roul\u00e9e en trois temps. Pour commencer, profitant de la relative fra\u00eecheur&nbsp;matinale, les promeneurs sont mont\u00e9s jusqu\u2019\u00e0<br \/><a class=\"moretag\" href=\"https:\/\/www.mairie-de-rivieres.fr\/index.php\/2020\/09\/10\/balade-a-rivieres\/\">+ Lire Plus<\/a><\/p>\n","protected":false},"author":1,"featured_media":0,"comment_status":"open","ping_status":"open","sticky":false,"template":"","format":"standard","meta":[],"categories":[36],"tags":[],"jetpack_featured_media_url":"","_links":{"self":[{"href":"https:\/\/www.mairie-de-rivieres.fr\/index.php\/wp-json\/wp\/v2\/posts\/206"}],"collection":[{"href":"https:\/\/www.mairie-de-rivieres.fr\/index.php\/wp-json\/wp\/v2\/posts"}],"about":[{"href":"https:\/\/www.mairie-de-rivieres.fr\/index.php\/wp-json\/wp\/v2\/types\/post"}],"author":[{"embeddable":true,"href":"https:\/\/www.mairie-de-rivieres.fr\/index.php\/wp-json\/wp\/v2\/users\/1"}],"replies":[{"embeddable":true,"href":"https:\/\/www.mairie-de-rivieres.fr\/index.php\/wp-json\/wp\/v2\/comments?post=206"}],"version-history":[{"count":4,"href":"https:\/\/www.mairie-de-rivieres.fr\/index.php\/wp-json\/wp\/v2\/posts\/206\/revisions"}],"predecessor-version":[{"id":217,"href":"https:\/\/www.mairie-de-rivieres.fr\/index.php\/wp-json\/wp\/v2\/posts\/206\/revisions\/217"}],"wp:attachment":[{"href":"https:\/\/www.mairie-de-rivieres.fr\/index.php\/wp-json\/wp\/v2\/media?parent=206"}],"wp:term":[{"taxonomy":"category","embeddable":true,"href":"https:\/\/www.mairie-de-rivieres.fr\/index.php\/wp-json\/wp\/v2\/categories?post=206"},{"taxonomy":"post_tag","embeddable":true,"href":"https:\/\/www.mairie-de-rivieres.fr\/index.php\/wp-json\/wp\/v2\/tags?post=206"}],"curies":[{"name":"wp","href":"https:\/\/api.w.org\/{rel}","templated":true}]}}