{"id":253,"date":"2020-09-22T14:47:30","date_gmt":"2020-09-22T12:47:30","guid":{"rendered":"https:\/\/www.mairie-de-rivieres.fr\/?p=253"},"modified":"2023-04-27T12:08:08","modified_gmt":"2023-04-27T10:08:08","slug":"entente-rivieroise","status":"publish","type":"post","link":"https:\/\/www.mairie-de-rivieres.fr\/index.php\/2020\/09\/22\/entente-rivieroise\/","title":{"rendered":"Entente rivi\u00e8roise"},"content":{"rendered":"\n<p>Pr\u00e9sidente&nbsp;: Claudine Rouquette<\/p>\n\n\n\n<p>Tr\u00e9sori\u00e8re&nbsp;: Cathy Rouquette<\/p>\n\n\n\n<p>Secr\u00e9taire&nbsp;: Isabelle Jourdan<\/p>\n\n\n\n<p>Vice-pr\u00e9sidente : Fabienne No\u00ebl<\/p>\n\n\n\n<p>Vice-tr\u00e9sori\u00e8re : Fran\u00e7oise Finet<\/p>\n\n\n\n<p>Vice-secr\u00e9taire : Th\u00e9r\u00e8se Abrial <\/p>\n\n\n\n<hr class=\"wp-block-separator\"\/>\n\n\n\n<figure class=\"wp-block-gallery alignwide has-nested-images columns-default is-cropped\">\n<figure class=\"wp-block-image size-large\"><img loading=\"lazy\" width=\"1024\" height=\"644\" data-id=\"254\"  src=\"https:\/\/i0.wp.com\/www.mairie-de-rivieres.fr\/wp-content\/uploads\/2020\/09\/DSC_0344.jpeg?resize=1024%2C644&#038;ssl=1\" alt=\"\" class=\"wp-image-254\" data-recalc-dims=\"1\"\/><\/figure>\n\n\n\n<figure class=\"wp-block-image size-large\"><img loading=\"lazy\" width=\"1024\" height=\"680\" data-id=\"255\"  src=\"https:\/\/i0.wp.com\/www.mairie-de-rivieres.fr\/wp-content\/uploads\/2020\/09\/covid-oblige-.jpg?resize=1024%2C680&#038;ssl=1\" alt=\"\" class=\"wp-image-255\" data-recalc-dims=\"1\"\/><\/figure>\n\n\n\n<figure class=\"wp-block-image size-large\"><img loading=\"lazy\" width=\"1024\" height=\"768\" data-id=\"256\"  src=\"https:\/\/i0.wp.com\/www.mairie-de-rivieres.fr\/wp-content\/uploads\/2020\/09\/IMG_3196.jpg?resize=1024%2C768&#038;ssl=1\" alt=\"\" class=\"wp-image-256\" data-recalc-dims=\"1\"\/><\/figure>\n\n\n\n<figure class=\"wp-block-image size-large\"><img loading=\"lazy\" width=\"1024\" height=\"768\" data-id=\"257\"  src=\"https:\/\/i0.wp.com\/www.mairie-de-rivieres.fr\/wp-content\/uploads\/2020\/09\/IMG_3195.jpg?resize=1024%2C768&#038;ssl=1\" alt=\"\" class=\"wp-image-257\" data-recalc-dims=\"1\"\/><\/figure>\n\n\n\n<figure class=\"wp-block-image size-large\"><img loading=\"lazy\" width=\"1024\" height=\"768\" data-id=\"258\"  src=\"https:\/\/i0.wp.com\/www.mairie-de-rivieres.fr\/wp-content\/uploads\/2020\/09\/IMG_3191.jpg?resize=1024%2C768&#038;ssl=1\" alt=\"\" class=\"wp-image-258\" data-recalc-dims=\"1\"\/><\/figure>\n\n\n\n<figure class=\"wp-block-image size-large\"><img loading=\"lazy\" width=\"1024\" height=\"768\" data-id=\"259\"  src=\"https:\/\/i0.wp.com\/www.mairie-de-rivieres.fr\/wp-content\/uploads\/2020\/09\/IMG_3188.jpg?resize=1024%2C768&#038;ssl=1\" alt=\"\" class=\"wp-image-259\" data-recalc-dims=\"1\"\/><\/figure>\n<\/figure>\n\n\n\n<div class=\"wp-block-image\"><figure class=\"aligncenter size-large\"><img loading=\"lazy\" width=\"724\" height=\"1024\" src=\"https:\/\/i0.wp.com\/www.mairie-de-rivieres.fr\/wp-content\/uploads\/2021\/01\/Entente-pdf-3.jpg?resize=724%2C1024&#038;ssl=1\" alt=\"\" class=\"wp-image-727\" data-recalc-dims=\"1\"\/><\/figure><\/div>\n","protected":false},"excerpt":{"rendered":"<p>Pr\u00e9sidente&nbsp;: Claudine Rouquette Tr\u00e9sori\u00e8re&nbsp;: Cathy Rouquette Secr\u00e9taire&nbsp;: Isabelle Jourdan Vice-pr\u00e9sidente : Fabienne No\u00ebl Vice-tr\u00e9sori\u00e8re : Fran\u00e7oise Finet Vice-secr\u00e9taire : Th\u00e9r\u00e8se Abrial<\/p>\n","protected":false},"author":1,"featured_media":0,"comment_status":"open","ping_status":"open","sticky":false,"template":"","format":"standard","meta":[],"categories":[17],"tags":[],"jetpack_featured_media_url":"","_links":{"self":[{"href":"https:\/\/www.mairie-de-rivieres.fr\/index.php\/wp-json\/wp\/v2\/posts\/253"}],"collection":[{"href":"https:\/\/www.mairie-de-rivieres.fr\/index.php\/wp-json\/wp\/v2\/posts"}],"about":[{"href":"https:\/\/www.mairie-de-rivieres.fr\/index.php\/wp-json\/wp\/v2\/types\/post"}],"author":[{"embeddable":true,"href":"https:\/\/www.mairie-de-rivieres.fr\/index.php\/wp-json\/wp\/v2\/users\/1"}],"replies":[{"embeddable":true,"href":"https:\/\/www.mairie-de-rivieres.fr\/index.php\/wp-json\/wp\/v2\/comments?post=253"}],"version-history":[{"count":10,"href":"https:\/\/www.mairie-de-rivieres.fr\/index.php\/wp-json\/wp\/v2\/posts\/253\/revisions"}],"predecessor-version":[{"id":1611,"href":"https:\/\/www.mairie-de-rivieres.fr\/index.php\/wp-json\/wp\/v2\/posts\/253\/revisions\/1611"}],"wp:attachment":[{"href":"https:\/\/www.mairie-de-rivieres.fr\/index.php\/wp-json\/wp\/v2\/media?parent=253"}],"wp:term":[{"taxonomy":"category","embeddable":true,"href":"https:\/\/www.mairie-de-rivieres.fr\/index.php\/wp-json\/wp\/v2\/categories?post=253"},{"taxonomy":"post_tag","embeddable":true,"href":"https:\/\/www.mairie-de-rivieres.fr\/index.php\/wp-json\/wp\/v2\/tags?post=253"}],"curies":[{"name":"wp","href":"https:\/\/api.w.org\/{rel}","templated":true}]}}