{"id":452,"date":"2020-10-21T15:40:52","date_gmt":"2020-10-21T13:40:52","guid":{"rendered":"https:\/\/www.mairie-de-rivieres.fr\/?p=452"},"modified":"2020-11-27T08:51:11","modified_gmt":"2020-11-27T07:51:11","slug":"hommage-a-samuel-paty","status":"publish","type":"post","link":"https:\/\/www.mairie-de-rivieres.fr\/index.php\/2020\/10\/21\/hommage-a-samuel-paty\/","title":{"rendered":"Hommage \u00e0 Samuel Paty"},"content":{"rendered":"\n<div class=\"wp-block-image\"><figure class=\"aligncenter size-large is-resized\"><img loading=\"lazy\" src=\"https:\/\/i0.wp.com\/www.mairie-de-rivieres.fr\/wp-content\/uploads\/2020\/11\/Hommage-Samuel-Paty.jpg?resize=312%2C317&#038;ssl=1\" alt=\"\" class=\"wp-image-453\" width=\"312\" height=\"317\" srcset=\"https:\/\/i0.wp.com\/www.mairie-de-rivieres.fr\/wp-content\/uploads\/2020\/11\/Hommage-Samuel-Paty.jpg?w=983&amp;ssl=1 983w, https:\/\/i0.wp.com\/www.mairie-de-rivieres.fr\/wp-content\/uploads\/2020\/11\/Hommage-Samuel-Paty.jpg?resize=295%2C300&amp;ssl=1 295w, https:\/\/i0.wp.com\/www.mairie-de-rivieres.fr\/wp-content\/uploads\/2020\/11\/Hommage-Samuel-Paty.jpg?resize=768%2C781&amp;ssl=1 768w\" sizes=\"(max-width: 312px) 100vw, 312px\" data-recalc-dims=\"1\" \/><\/figure><\/div>\n\n\n\n<p><strong>En hommage \u00e0 l&rsquo;enseignant Samuel Paty <em>assassin\u00e9 parce qu&rsquo;il avait voulu apprendre \u00e0 ces \u00e9l\u00e8ves \u00e0 devenir citoyens, u<\/em>n rassemblement a \u00e9t\u00e9 organis\u00e9 devant la mairie le mercredi 21 octobre 2020 \u00e0 11H45. Une minute de silence a \u00e9t\u00e9 observ\u00e9e<\/strong>.<\/p>\n\n\n\n<figure class=\"wp-block-gallery columns-3 is-cropped\"><ul class=\"blocks-gallery-grid\"><li class=\"blocks-gallery-item\"><figure><img loading=\"lazy\" width=\"1024\" height=\"768\" src=\"https:\/\/i0.wp.com\/www.mairie-de-rivieres.fr\/wp-content\/uploads\/2020\/11\/Hommage-Samuel-Paty-Rivieres-1.jpg?resize=1024%2C768&#038;ssl=1\" alt=\"\" data-id=\"468\" data-full-url=\"https:\/\/www.mairie-de-rivieres.fr\/wp-content\/uploads\/2020\/11\/Hommage-Samuel-Paty-Rivieres-1-scaled.jpg\" data-link=\"https:\/\/www.mairie-de-rivieres.fr\/index.php\/2020\/10\/21\/hommage-a-samuel-paty\/hommage-samuel-paty-rivieres-1\/\" class=\"wp-image-468\" srcset=\"https:\/\/i0.wp.com\/www.mairie-de-rivieres.fr\/wp-content\/uploads\/2020\/11\/Hommage-Samuel-Paty-Rivieres-1-scaled.jpg?resize=1024%2C768&amp;ssl=1 1024w, https:\/\/i0.wp.com\/www.mairie-de-rivieres.fr\/wp-content\/uploads\/2020\/11\/Hommage-Samuel-Paty-Rivieres-1-scaled.jpg?resize=300%2C225&amp;ssl=1 300w, https:\/\/i0.wp.com\/www.mairie-de-rivieres.fr\/wp-content\/uploads\/2020\/11\/Hommage-Samuel-Paty-Rivieres-1-scaled.jpg?resize=768%2C576&amp;ssl=1 768w, https:\/\/i0.wp.com\/www.mairie-de-rivieres.fr\/wp-content\/uploads\/2020\/11\/Hommage-Samuel-Paty-Rivieres-1-scaled.jpg?resize=1536%2C1152&amp;ssl=1 1536w, https:\/\/i0.wp.com\/www.mairie-de-rivieres.fr\/wp-content\/uploads\/2020\/11\/Hommage-Samuel-Paty-Rivieres-1-scaled.jpg?resize=2048%2C1536&amp;ssl=1 2048w\" sizes=\"(max-width: 1000px) 100vw, 1000px\" data-recalc-dims=\"1\" \/><\/figure><\/li><li class=\"blocks-gallery-item\"><figure><img loading=\"lazy\" width=\"1024\" height=\"680\" src=\"https:\/\/i0.wp.com\/www.mairie-de-rivieres.fr\/wp-content\/uploads\/2020\/11\/Hommage-Samuel-Paty-Rivieres-003.jpg?resize=1024%2C680&#038;ssl=1\" alt=\"\" data-id=\"469\" data-full-url=\"https:\/\/www.mairie-de-rivieres.fr\/wp-content\/uploads\/2020\/11\/Hommage-Samuel-Paty-Rivieres-003.jpg\" data-link=\"https:\/\/www.mairie-de-rivieres.fr\/index.php\/2020\/10\/21\/hommage-a-samuel-paty\/hommage-samuel-paty-rivieres-003\/\" class=\"wp-image-469\" srcset=\"https:\/\/i0.wp.com\/www.mairie-de-rivieres.fr\/wp-content\/uploads\/2020\/11\/Hommage-Samuel-Paty-Rivieres-003.jpg?resize=1024%2C680&amp;ssl=1 1024w, https:\/\/i0.wp.com\/www.mairie-de-rivieres.fr\/wp-content\/uploads\/2020\/11\/Hommage-Samuel-Paty-Rivieres-003.jpg?resize=300%2C199&amp;ssl=1 300w, https:\/\/i0.wp.com\/www.mairie-de-rivieres.fr\/wp-content\/uploads\/2020\/11\/Hommage-Samuel-Paty-Rivieres-003.jpg?resize=768%2C510&amp;ssl=1 768w, https:\/\/i0.wp.com\/www.mairie-de-rivieres.fr\/wp-content\/uploads\/2020\/11\/Hommage-Samuel-Paty-Rivieres-003.jpg?resize=1536%2C1020&amp;ssl=1 1536w, https:\/\/i0.wp.com\/www.mairie-de-rivieres.fr\/wp-content\/uploads\/2020\/11\/Hommage-Samuel-Paty-Rivieres-003.jpg?resize=2048%2C1360&amp;ssl=1 2048w\" sizes=\"(max-width: 1000px) 100vw, 1000px\" data-recalc-dims=\"1\" \/><\/figure><\/li><li class=\"blocks-gallery-item\"><figure><img loading=\"lazy\" width=\"1024\" height=\"678\" src=\"https:\/\/i0.wp.com\/www.mairie-de-rivieres.fr\/wp-content\/uploads\/2020\/11\/Hommage-Samuel-Paty-Rivieres-002.jpg?resize=1024%2C678&#038;ssl=1\" alt=\"\" data-id=\"470\" data-full-url=\"https:\/\/www.mairie-de-rivieres.fr\/wp-content\/uploads\/2020\/11\/Hommage-Samuel-Paty-Rivieres-002-scaled.jpg\" data-link=\"https:\/\/www.mairie-de-rivieres.fr\/index.php\/2020\/10\/21\/hommage-a-samuel-paty\/hommage-samuel-paty-rivieres-002\/\" class=\"wp-image-470\" srcset=\"https:\/\/i0.wp.com\/www.mairie-de-rivieres.fr\/wp-content\/uploads\/2020\/11\/Hommage-Samuel-Paty-Rivieres-002-scaled.jpg?resize=1024%2C678&amp;ssl=1 1024w, https:\/\/i0.wp.com\/www.mairie-de-rivieres.fr\/wp-content\/uploads\/2020\/11\/Hommage-Samuel-Paty-Rivieres-002-scaled.jpg?resize=300%2C199&amp;ssl=1 300w, https:\/\/i0.wp.com\/www.mairie-de-rivieres.fr\/wp-content\/uploads\/2020\/11\/Hommage-Samuel-Paty-Rivieres-002-scaled.jpg?resize=768%2C508&amp;ssl=1 768w, https:\/\/i0.wp.com\/www.mairie-de-rivieres.fr\/wp-content\/uploads\/2020\/11\/Hommage-Samuel-Paty-Rivieres-002-scaled.jpg?resize=1536%2C1017&amp;ssl=1 1536w, https:\/\/i0.wp.com\/www.mairie-de-rivieres.fr\/wp-content\/uploads\/2020\/11\/Hommage-Samuel-Paty-Rivieres-002-scaled.jpg?resize=2048%2C1356&amp;ssl=1 2048w\" sizes=\"(max-width: 1000px) 100vw, 1000px\" data-recalc-dims=\"1\" \/><\/figure><\/li><\/ul><\/figure>\n","protected":false},"excerpt":{"rendered":"<p>En hommage \u00e0 l&rsquo;enseignant Samuel Paty assassin\u00e9 parce qu&rsquo;il avait voulu apprendre \u00e0 ces \u00e9l\u00e8ves \u00e0 devenir citoyens, un rassemblement a \u00e9t\u00e9 organis\u00e9 devant la mairie le mercredi 21 octobre 2020 \u00e0 11H45. Une minute de silence a \u00e9t\u00e9 observ\u00e9e.<\/p>\n","protected":false},"author":1,"featured_media":0,"comment_status":"open","ping_status":"open","sticky":false,"template":"","format":"standard","meta":[],"categories":[36],"tags":[],"jetpack_featured_media_url":"","_links":{"self":[{"href":"https:\/\/www.mairie-de-rivieres.fr\/index.php\/wp-json\/wp\/v2\/posts\/452"}],"collection":[{"href":"https:\/\/www.mairie-de-rivieres.fr\/index.php\/wp-json\/wp\/v2\/posts"}],"about":[{"href":"https:\/\/www.mairie-de-rivieres.fr\/index.php\/wp-json\/wp\/v2\/types\/post"}],"author":[{"embeddable":true,"href":"https:\/\/www.mairie-de-rivieres.fr\/index.php\/wp-json\/wp\/v2\/users\/1"}],"replies":[{"embeddable":true,"href":"https:\/\/www.mairie-de-rivieres.fr\/index.php\/wp-json\/wp\/v2\/comments?post=452"}],"version-history":[{"count":2,"href":"https:\/\/www.mairie-de-rivieres.fr\/index.php\/wp-json\/wp\/v2\/posts\/452\/revisions"}],"predecessor-version":[{"id":472,"href":"https:\/\/www.mairie-de-rivieres.fr\/index.php\/wp-json\/wp\/v2\/posts\/452\/revisions\/472"}],"wp:attachment":[{"href":"https:\/\/www.mairie-de-rivieres.fr\/index.php\/wp-json\/wp\/v2\/media?parent=452"}],"wp:term":[{"taxonomy":"category","embeddable":true,"href":"https:\/\/www.mairie-de-rivieres.fr\/index.php\/wp-json\/wp\/v2\/categories?post=452"},{"taxonomy":"post_tag","embeddable":true,"href":"https:\/\/www.mairie-de-rivieres.fr\/index.php\/wp-json\/wp\/v2\/tags?post=452"}],"curies":[{"name":"wp","href":"https:\/\/api.w.org\/{rel}","templated":true}]}}