{"id":887,"date":"2021-01-27T17:42:16","date_gmt":"2021-01-27T16:42:16","guid":{"rendered":"https:\/\/www.mairie-de-rivieres.fr\/?p=887"},"modified":"2021-01-27T17:42:17","modified_gmt":"2021-01-27T16:42:17","slug":"visite-de-madame-chapelier-deputee-du-gard","status":"publish","type":"post","link":"https:\/\/www.mairie-de-rivieres.fr\/index.php\/2021\/01\/27\/visite-de-madame-chapelier-deputee-du-gard\/","title":{"rendered":"Visite de Madame Chapelier         d\u00e9put\u00e9e du Gard."},"content":{"rendered":"\n<div class=\"wp-block-image\"><figure class=\"aligncenter size-large\"><img loading=\"lazy\" width=\"1024\" height=\"680\" src=\"https:\/\/i0.wp.com\/www.mairie-de-rivieres.fr\/wp-content\/uploads\/2021\/01\/P1-1.jpeg?resize=1024%2C680&#038;ssl=1\" alt=\"\" class=\"wp-image-885\" data-recalc-dims=\"1\"\/><\/figure><\/div>\n\n\n\n<p>Ce mercredi 27 janvier, nous avons re\u00e7u la visite de Madame Chapelier (d\u00e9put\u00e9e du Gard) avec qui nous avons soulev\u00e9 les probl\u00e9matiques li\u00e9es aux petites communes rurales<\/p>\n\n\n\n<figure class=\"wp-block-gallery columns-2 is-cropped\"><ul class=\"blocks-gallery-grid\"><li class=\"blocks-gallery-item\"><figure><img loading=\"lazy\" width=\"1024\" height=\"680\" src=\"https:\/\/i0.wp.com\/www.mairie-de-rivieres.fr\/wp-content\/uploads\/2021\/01\/P2.jpeg?resize=1024%2C680&#038;ssl=1\" alt=\"\" data-id=\"883\" data-full-url=\"https:\/\/www.mairie-de-rivieres.fr\/wp-content\/uploads\/2021\/01\/P2-e1611764677695.jpeg\" data-link=\"https:\/\/www.mairie-de-rivieres.fr\/p2\/\" class=\"wp-image-883\" data-recalc-dims=\"1\"\/><\/figure><\/li><li class=\"blocks-gallery-item\"><figure><img loading=\"lazy\" width=\"1024\" height=\"680\" src=\"https:\/\/i0.wp.com\/www.mairie-de-rivieres.fr\/wp-content\/uploads\/2021\/01\/P3.jpeg?resize=1024%2C680&#038;ssl=1\" alt=\"\" data-id=\"884\" data-full-url=\"https:\/\/www.mairie-de-rivieres.fr\/wp-content\/uploads\/2021\/01\/P3-e1611764791510.jpeg\" data-link=\"https:\/\/www.mairie-de-rivieres.fr\/p3\/\" class=\"wp-image-884\" data-recalc-dims=\"1\"\/><\/figure><\/li><\/ul><\/figure>\n\n\n\n<p><\/p>\n","protected":false},"excerpt":{"rendered":"<p>Ce mercredi 27 janvier, nous avons re\u00e7u la visite de Madame Chapelier (d\u00e9put\u00e9e du Gard) avec qui nous avons soulev\u00e9 les probl\u00e9matiques li\u00e9es aux petites communes rurales<\/p>\n","protected":false},"author":3,"featured_media":0,"comment_status":"open","ping_status":"open","sticky":false,"template":"","format":"standard","meta":[],"categories":[36],"tags":[],"jetpack_featured_media_url":"","_links":{"self":[{"href":"https:\/\/www.mairie-de-rivieres.fr\/index.php\/wp-json\/wp\/v2\/posts\/887"}],"collection":[{"href":"https:\/\/www.mairie-de-rivieres.fr\/index.php\/wp-json\/wp\/v2\/posts"}],"about":[{"href":"https:\/\/www.mairie-de-rivieres.fr\/index.php\/wp-json\/wp\/v2\/types\/post"}],"author":[{"embeddable":true,"href":"https:\/\/www.mairie-de-rivieres.fr\/index.php\/wp-json\/wp\/v2\/users\/3"}],"replies":[{"embeddable":true,"href":"https:\/\/www.mairie-de-rivieres.fr\/index.php\/wp-json\/wp\/v2\/comments?post=887"}],"version-history":[{"count":2,"href":"https:\/\/www.mairie-de-rivieres.fr\/index.php\/wp-json\/wp\/v2\/posts\/887\/revisions"}],"predecessor-version":[{"id":889,"href":"https:\/\/www.mairie-de-rivieres.fr\/index.php\/wp-json\/wp\/v2\/posts\/887\/revisions\/889"}],"wp:attachment":[{"href":"https:\/\/www.mairie-de-rivieres.fr\/index.php\/wp-json\/wp\/v2\/media?parent=887"}],"wp:term":[{"taxonomy":"category","embeddable":true,"href":"https:\/\/www.mairie-de-rivieres.fr\/index.php\/wp-json\/wp\/v2\/categories?post=887"},{"taxonomy":"post_tag","embeddable":true,"href":"https:\/\/www.mairie-de-rivieres.fr\/index.php\/wp-json\/wp\/v2\/tags?post=887"}],"curies":[{"name":"wp","href":"https:\/\/api.w.org\/{rel}","templated":true}]}}