{"id":931,"date":"2021-02-10T12:18:09","date_gmt":"2021-02-10T11:18:09","guid":{"rendered":"https:\/\/www.mairie-de-rivieres.fr\/?p=931"},"modified":"2021-02-10T12:31:03","modified_gmt":"2021-02-10T11:31:03","slug":"assemblee-generale-du-comite-du-gard-ffpjp","status":"publish","type":"post","link":"https:\/\/www.mairie-de-rivieres.fr\/index.php\/2021\/02\/10\/assemblee-generale-du-comite-du-gard-ffpjp\/","title":{"rendered":"Assembl\u00e9e g\u00e9n\u00e9rale du comit\u00e9 du Gard FFPJP"},"content":{"rendered":"\n<p><\/p>\n\n\n\n<p>Lors de l&rsquo;assembl\u00e9e g\u00e9n\u00e9rale \u00e9lective du Comit\u00e9 du Gard FFPJP qui s&rsquo;est d\u00e9roul\u00e9e dimanche 7 f\u00e9vrier \u00e0 Uz\u00e8s, le<strong> Pr\u00e9sident de la Boule Rivi\u00e9roise Alain PONGE <\/strong>a \u00e9t\u00e9 r\u00e9\u00e9lu pour un second mandat.<\/p>\n\n\n\n<p>Alain PONGE, Vice Pr\u00e9sident D\u00e9l\u00e9gu\u00e9, Tr\u00e9sorier CD30<\/p>\n\n\n\n<figure class=\"wp-block-image size-large\"><img loading=\"lazy\" width=\"271\" height=\"440\" src=\"https:\/\/i0.wp.com\/www.mairie-de-rivieres.fr\/wp-content\/uploads\/2021\/02\/AG-UZES-2-e1612956519288.jpg?resize=271%2C440&#038;ssl=1\" alt=\"\" class=\"wp-image-926\" data-recalc-dims=\"1\"\/><\/figure>\n\n\n\n<figure class=\"wp-block-image size-large\"><img loading=\"lazy\" width=\"403\" height=\"271\" src=\"https:\/\/i0.wp.com\/www.mairie-de-rivieres.fr\/wp-content\/uploads\/2021\/02\/AG-UZES.jpg?resize=403%2C271&#038;ssl=1\" alt=\"\" class=\"wp-image-927\" srcset=\"https:\/\/i0.wp.com\/www.mairie-de-rivieres.fr\/wp-content\/uploads\/2021\/02\/AG-UZES.jpg?w=403&amp;ssl=1 403w, https:\/\/i0.wp.com\/www.mairie-de-rivieres.fr\/wp-content\/uploads\/2021\/02\/AG-UZES.jpg?resize=300%2C202&amp;ssl=1 300w, https:\/\/i0.wp.com\/www.mairie-de-rivieres.fr\/wp-content\/uploads\/2021\/02\/AG-UZES.jpg?resize=400%2C270&amp;ssl=1 400w\" sizes=\"(max-width: 403px) 100vw, 403px\" data-recalc-dims=\"1\" \/><\/figure>\n","protected":false},"excerpt":{"rendered":"<p>Lors de l&rsquo;assembl\u00e9e g\u00e9n\u00e9rale \u00e9lective du Comit\u00e9 du Gard FFPJP qui s&rsquo;est d\u00e9roul\u00e9e dimanche 7 f\u00e9vrier \u00e0 Uz\u00e8s, le Pr\u00e9sident de la Boule Rivi\u00e9roise Alain PONGE a \u00e9t\u00e9 r\u00e9\u00e9lu pour un second mandat. Alain PONGE, Vice Pr\u00e9sident D\u00e9l\u00e9gu\u00e9, Tr\u00e9sorier CD30<\/p>\n","protected":false},"author":3,"featured_media":0,"comment_status":"open","ping_status":"open","sticky":false,"template":"","format":"standard","meta":[],"categories":[36],"tags":[],"jetpack_featured_media_url":"","_links":{"self":[{"href":"https:\/\/www.mairie-de-rivieres.fr\/index.php\/wp-json\/wp\/v2\/posts\/931"}],"collection":[{"href":"https:\/\/www.mairie-de-rivieres.fr\/index.php\/wp-json\/wp\/v2\/posts"}],"about":[{"href":"https:\/\/www.mairie-de-rivieres.fr\/index.php\/wp-json\/wp\/v2\/types\/post"}],"author":[{"embeddable":true,"href":"https:\/\/www.mairie-de-rivieres.fr\/index.php\/wp-json\/wp\/v2\/users\/3"}],"replies":[{"embeddable":true,"href":"https:\/\/www.mairie-de-rivieres.fr\/index.php\/wp-json\/wp\/v2\/comments?post=931"}],"version-history":[{"count":4,"href":"https:\/\/www.mairie-de-rivieres.fr\/index.php\/wp-json\/wp\/v2\/posts\/931\/revisions"}],"predecessor-version":[{"id":935,"href":"https:\/\/www.mairie-de-rivieres.fr\/index.php\/wp-json\/wp\/v2\/posts\/931\/revisions\/935"}],"wp:attachment":[{"href":"https:\/\/www.mairie-de-rivieres.fr\/index.php\/wp-json\/wp\/v2\/media?parent=931"}],"wp:term":[{"taxonomy":"category","embeddable":true,"href":"https:\/\/www.mairie-de-rivieres.fr\/index.php\/wp-json\/wp\/v2\/categories?post=931"},{"taxonomy":"post_tag","embeddable":true,"href":"https:\/\/www.mairie-de-rivieres.fr\/index.php\/wp-json\/wp\/v2\/tags?post=931"}],"curies":[{"name":"wp","href":"https:\/\/api.w.org\/{rel}","templated":true}]}}